{"id":644,"date":"2024-01-19T11:22:08","date_gmt":"2024-01-19T10:22:08","guid":{"rendered":"http:\/\/albertonovoa-abogados.es\/?p=644"},"modified":"2025-11-24T16:42:52","modified_gmt":"2025-11-24T15:42:52","slug":"convocada-la-huelga-de-abogados-en-madrid-para-el-3-de-febrero-de-2024-cloned-610","status":"publish","type":"post","link":"https:\/\/albertonovoa-abogados.es\/index.php\/2024\/01\/19\/convocada-la-huelga-de-abogados-en-madrid-para-el-3-de-febrero-de-2024-cloned-610\/","title":{"rendered":"Convocada la huelga de abogados en Madrid para el 3 de Febrero de 2024"},"content":{"rendered":"<p>Abogados del turno de oficio de toda Espa\u00f1a se manifestar\u00e1n el 3 de febrero en Madrid para exigir mejoras en el sistema de justicia gratuita y en el acceso a las pensiones de jubilaci\u00f3n. La manifestaci\u00f3n forma parte de la huelga indefinida convocada por el sindicato Venia, que lleva dos meses sin avances significativos. Los abogados denuncian la explotaci\u00f3n laboral il\u00edcita a la que est\u00e1n sometidos y demandan una regulaci\u00f3n jur\u00eddica del profesional del turno de oficio, retribuciones dignas y en tiempo y forma, abono de los costes, actualizaci\u00f3n de las retribuciones seg\u00fan el IPC, cotizaci\u00f3n a la Seguridad Social con efectos retroactivos, derecho a la conciliaci\u00f3n y desconexi\u00f3n digital, entre otras reivindicaciones.<\/p>\n","protected":false},"excerpt":{"rendered":"<p>Huelga de abogados de oficio<\/p>\n","protected":false},"author":2,"featured_media":695,"comment_status":"closed","ping_status":"closed","sticky":false,"template":"","format":"standard","meta":{"_acf_changed":false,"footnotes":""},"categories":[1],"tags":[10,15,13,14],"class_list":["post-644","post","type-post","status-publish","format-standard","has-post-thumbnail","hentry","category-blog","tag-abogados","tag-gobierno","tag-jurisprudencia","tag-litigios"],"acf":[],"_links":{"self":[{"href":"https:\/\/albertonovoa-abogados.es\/index.php\/wp-json\/wp\/v2\/posts\/644","targetHints":{"allow":["GET"]}}],"collection":[{"href":"https:\/\/albertonovoa-abogados.es\/index.php\/wp-json\/wp\/v2\/posts"}],"about":[{"href":"https:\/\/albertonovoa-abogados.es\/index.php\/wp-json\/wp\/v2\/types\/post"}],"author":[{"embeddable":true,"href":"https:\/\/albertonovoa-abogados.es\/index.php\/wp-json\/wp\/v2\/users\/2"}],"replies":[{"embeddable":true,"href":"https:\/\/albertonovoa-abogados.es\/index.php\/wp-json\/wp\/v2\/comments?post=644"}],"version-history":[{"count":63,"href":"https:\/\/albertonovoa-abogados.es\/index.php\/wp-json\/wp\/v2\/posts\/644\/revisions"}],"predecessor-version":[{"id":1359,"href":"https:\/\/albertonovoa-abogados.es\/index.php\/wp-json\/wp\/v2\/posts\/644\/revisions\/1359"}],"wp:featuredmedia":[{"embeddable":true,"href":"https:\/\/albertonovoa-abogados.es\/index.php\/wp-json\/wp\/v2\/media\/695"}],"wp:attachment":[{"href":"https:\/\/albertonovoa-abogados.es\/index.php\/wp-json\/wp\/v2\/media?parent=644"}],"wp:term":[{"taxonomy":"category","embeddable":true,"href":"https:\/\/albertonovoa-abogados.es\/index.php\/wp-json\/wp\/v2\/categories?post=644"},{"taxonomy":"post_tag","embeddable":true,"href":"https:\/\/albertonovoa-abogados.es\/index.php\/wp-json\/wp\/v2\/tags?post=644"}],"curies":[{"name":"wp","href":"https:\/\/api.w.org\/{rel}","templated":true}]}}